{"id":1850,"date":"2026-03-10T12:23:43","date_gmt":"2026-03-10T11:23:43","guid":{"rendered":"https:\/\/exdigit.plus.ac.at\/?p=1850"},"modified":"2026-03-17T12:26:47","modified_gmt":"2026-03-17T11:26:47","slug":"international-womens-day-at-the-federal-chancellery-of-austria","status":"publish","type":"post","link":"https:\/\/exdigit.plus.ac.at\/en\/international-womens-day-at-the-federal-chancellery-of-austria\/","title":{"rendered":"International Women&#8217;s Day at the Federal Chancellery of Austria"},"content":{"rendered":"<p><a href=\"https:\/\/exdigit.plus.ac.at\/en\/exdigitteam\/\" target=\"_blank\" rel=\"noopener\">Christine Bauer<\/a> had the great honor of participating in a panel at the Federal Chancellery of Austria on the occasion of International Women\u2019s Day. State Secretary Pr\u00f6ll hosted an event featuring four panels\u2014business, science, arts and culture, and politics. She was privileged to join the discussion on women in science as one of the panelists, sharing insights and celebrating the achievements of women in the field.<\/p>\n<p>Participants:<br \/>\nSusanne Riess-Hahn, Mariana K\u00fchnel, Elisabeth Geyer-Schall, Kristina Sprenger, Waltraud Klasnic, Maria Gro\u00dfbauer, Nina W\u00f6ss, Natascha F\u00fcrst, Francesca Ferlaino, Ivona Brandic, Claudia Haslinger, Juliane Bogner-Strau\u00df, Sabine Schatz, Agnes Husslein, Ulrike Sych und Eva Maria Holzleitner.<\/p>\n<p>Photocredit: BKA\/CHRISTOPHER DUNKER, 2026<\/p>\n<p>Photo gallery of the event: <a class=\"mAOCGrRlAlzrmIRFhqWqYWAfhQkILTEvdenF \" tabindex=\"0\" href=\"https:\/\/lnkd.in\/dRT3MSKN\" target=\"_self\" data-test-app-aware-link=\"\">https:\/\/lnkd.in\/dRT3MSKN<\/a><\/p>\n","protected":false},"excerpt":{"rendered":"<p>Christine Bauer had the great honor of participating in a panel at the Federal Chancellery of Austria on the occasion of International Women\u2019s Day. State Secretary Pr\u00f6ll hosted an event featuring four panels\u2014business, science, arts and culture, and politics. She was privileged to join the discussion on women in science as one of the panelists, [&hellip;]<\/p>\n","protected":false},"author":3,"featured_media":1856,"comment_status":"closed","ping_status":"closed","sticky":false,"template":"","format":"standard","meta":{"_acf_changed":false,"footnotes":""},"categories":[19,17],"tags":[],"class_list":["post-1850","post","type-post","status-publish","format-standard","has-post-thumbnail","hentry","category-exdigit-en","category-exdigit-aktiv-en"],"acf":[],"_links":{"self":[{"href":"https:\/\/exdigit.plus.ac.at\/en\/wp-json\/wp\/v2\/posts\/1850","targetHints":{"allow":["GET"]}}],"collection":[{"href":"https:\/\/exdigit.plus.ac.at\/en\/wp-json\/wp\/v2\/posts"}],"about":[{"href":"https:\/\/exdigit.plus.ac.at\/en\/wp-json\/wp\/v2\/types\/post"}],"author":[{"embeddable":true,"href":"https:\/\/exdigit.plus.ac.at\/en\/wp-json\/wp\/v2\/users\/3"}],"replies":[{"embeddable":true,"href":"https:\/\/exdigit.plus.ac.at\/en\/wp-json\/wp\/v2\/comments?post=1850"}],"version-history":[{"count":3,"href":"https:\/\/exdigit.plus.ac.at\/en\/wp-json\/wp\/v2\/posts\/1850\/revisions"}],"predecessor-version":[{"id":1860,"href":"https:\/\/exdigit.plus.ac.at\/en\/wp-json\/wp\/v2\/posts\/1850\/revisions\/1860"}],"wp:featuredmedia":[{"embeddable":true,"href":"https:\/\/exdigit.plus.ac.at\/en\/wp-json\/wp\/v2\/media\/1856"}],"wp:attachment":[{"href":"https:\/\/exdigit.plus.ac.at\/en\/wp-json\/wp\/v2\/media?parent=1850"}],"wp:term":[{"taxonomy":"category","embeddable":true,"href":"https:\/\/exdigit.plus.ac.at\/en\/wp-json\/wp\/v2\/categories?post=1850"},{"taxonomy":"post_tag","embeddable":true,"href":"https:\/\/exdigit.plus.ac.at\/en\/wp-json\/wp\/v2\/tags?post=1850"}],"curies":[{"name":"wp","href":"https:\/\/api.w.org\/{rel}","templated":true}]}}